{"id":107,"date":"2017-12-14T16:19:07","date_gmt":"2017-12-14T15:19:07","guid":{"rendered":"http:\/\/www.enduropale-passion.com\/touquet\/?p=107"},"modified":"2018-01-09T11:50:33","modified_gmt":"2018-01-09T10:50:33","slug":"naissance-de-lenduro-du-touquet-1975","status":"publish","type":"post","link":"https:\/\/www.enduropale-passion.com\/touquet\/naissance-de-lenduro-du-touquet-1975\/","title":{"rendered":"Naissance de l&rsquo;Enduro Du Touquet (1975)"},"content":{"rendered":"<h1>Au commencement \/ l&rsquo;Enduro du Touquet :<\/h1>\n<p><img loading=\"lazy\" decoding=\"async\" class=\"size-full wp-image-110 alignleft\" src=\"http:\/\/www.enduropale-passion.com\/touquet\/wp-content\/uploads\/2017\/12\/thierry-sabine.jpg\" alt=\"\" width=\"200\" height=\"191\" \/>Thierry Sabine, travaillant alors pour la mairie du Touquet, f\u00fbt l&rsquo;instigateur de cet \u00e9v\u00e9nement en 1975 (s&rsquo;inspirant du mouvement enduro tr\u00e8s populaires aux USA). C&rsquo;est ainsi que naquit l&rsquo; Enduro des Sables dont la premi\u00e8re \u00e9dition rassembla 286 participants pour grandir d&rsquo;ann\u00e9es en ann\u00e9es et atteindre de nos jours la baguatelle de 1200 concurrents pour 400 000 spectateurs&#8230; La course se d\u00e9roulait en deux manches, ouverte aux amateurs et aux professionnels.<\/p>\n<p><b>Naissance de l&rsquo;Enduro du Touquet :\u00a0<\/b>\u00ab\u00a0L&rsquo; Enduro du Touquet\u00a0\u00bb \u00e9tait donc une \u00e9preuve moto verte qui se d\u00e9roulait dans les dunes situ\u00e9es entre le Touquet (Paris Plage, Pas-de-Calais ) et Stella-plage, de 1975 \u00e0 2005. Au fil des temps cette manifestation d&rsquo;endurance tout terrain est devenue mythique : la plus grande course enduro en ligne d&rsquo;Europe. Aujourd&rsquo;hui l&rsquo;enduropale est une v\u00e9ritable institution.<\/p>\n<p align=\"left\"><b>30 ans de succ\u00e8s, 2005 : Une ann\u00e9e charni\u00e8re&#8230;\u00a0<\/b>Victime de son succ\u00e9s, en 2005 pour des raisons \u00e9cologiques cette course faillit s&rsquo;\u00e9teindre \u00e0 jamais. En effet, l&rsquo;espace dunaire naturel envahies de 3&#8230;\u00e0 400000 spectateurs (sur une journ\u00e9e) subissait des \u00ab\u00a0d\u00e9gats irr\u00e9versibles\u00a0\u00bb. En 2006 il f\u00fbt trouv\u00e9 une solution \u00ab\u00a0de consiliation\u00a0\u00bb en adaptant le parcours \u00e0 la plage et en \u00e9vitant de ce fait les dunes. L&rsquo;enduro du Touquet prit alors son nom actuel : \u00ab\u00a0Enduropale\u00a0\u00bb. A cette occasion la course f\u00fbt agr\u00e9ment\u00e9 d&rsquo;une \u00e9preuve Quad, se d\u00e9roulant la veille, sur le m\u00eame parcours et r\u00e9unissant, elle aussi, des pilotes de tous horizons.<\/p>\n<p align=\"left\"><b>Aujourd&rsquo;hui :\u00a0<\/b>Sans perdre de sa superbe, l&rsquo; Enduropale reste un \u00e9v\u00e9nement moto unique en Europe, suivit par toujours plus de spectateurs et de participant(e)s. Un week-end men\u00e9 au rythme d&rsquo;une concentration motarde hors du commun, un d\u00e9ferlement m\u00e9canique digne des rouages de l&rsquo;enfer et une d\u00e9monstration sportive de tr\u00e8s haut niveau \u00e0 ne manquer sous aucun pr\u00e9texte.\u00a0<span class=\"Style6\">\u00a9jmd pour \u00ab\u00a0Enduropale-passion\u00a0\u00bb.<\/span><\/p>\n<blockquote>\n<p align=\"left\">L&rsquo;enduropale a toujours \u00e9t\u00e9 un rendez-vous motard incontournable aux couleurs de la f\u00eate et de la bonne humeur.<\/p>\n<\/blockquote>\n","protected":false},"excerpt":{"rendered":"<p>Au commencement \/ l&rsquo;Enduro du Touquet : Thierry Sabine, travaillant alors pour la mairie du Touquet, f\u00fbt l&rsquo;instigateur de cet \u00e9v\u00e9nement en 1975 (s&rsquo;inspirant du mouvement enduro tr\u00e8s populaires aux USA). C&rsquo;est ainsi que naquit l&rsquo; Enduro des Sables dont la premi\u00e8re \u00e9dition rassembla 286 participants pour grandir d&rsquo;ann\u00e9es en ann\u00e9es et atteindre de nos [&hellip;]<\/p>\n","protected":false},"author":1,"featured_media":299,"comment_status":"open","ping_status":"open","sticky":false,"template":"","format":"standard","meta":{"site-sidebar-layout":"default","site-content-layout":"","ast-site-content-layout":"","site-content-style":"default","site-sidebar-style":"default","ast-global-header-display":"","ast-banner-title-visibility":"","ast-main-header-display":"","ast-hfb-above-header-display":"","ast-hfb-below-header-display":"","ast-hfb-mobile-header-display":"","site-post-title":"","ast-breadcrumbs-content":"","ast-featured-img":"","footer-sml-layout":"","theme-transparent-header-meta":"","adv-header-id-meta":"","stick-header-meta":"","header-above-stick-meta":"","header-main-stick-meta":"","header-below-stick-meta":"","astra-migrate-meta-layouts":"default","ast-page-background-enabled":"default","ast-page-background-meta":{"desktop":{"background-color":"var(--ast-global-color-4)","background-image":"","background-repeat":"repeat","background-position":"center center","background-size":"auto","background-attachment":"scroll","background-type":"","background-media":"","overlay-type":"","overlay-color":"","overlay-opacity":"","overlay-gradient":""},"tablet":{"background-color":"","background-image":"","background-repeat":"repeat","background-position":"center center","background-size":"auto","background-attachment":"scroll","background-type":"","background-media":"","overlay-type":"","overlay-color":"","overlay-opacity":"","overlay-gradient":""},"mobile":{"background-color":"","background-image":"","background-repeat":"repeat","background-position":"center center","background-size":"auto","background-attachment":"scroll","background-type":"","background-media":"","overlay-type":"","overlay-color":"","overlay-opacity":"","overlay-gradient":""}},"ast-content-background-meta":{"desktop":{"background-color":"var(--ast-global-color-5)","background-image":"","background-repeat":"repeat","background-position":"center center","background-size":"auto","background-attachment":"scroll","background-type":"","background-media":"","overlay-type":"","overlay-color":"","overlay-opacity":"","overlay-gradient":""},"tablet":{"background-color":"var(--ast-global-color-5)","background-image":"","background-repeat":"repeat","background-position":"center center","background-size":"auto","background-attachment":"scroll","background-type":"","background-media":"","overlay-type":"","overlay-color":"","overlay-opacity":"","overlay-gradient":""},"mobile":{"background-color":"var(--ast-global-color-5)","background-image":"","background-repeat":"repeat","background-position":"center center","background-size":"auto","background-attachment":"scroll","background-type":"","background-media":"","overlay-type":"","overlay-color":"","overlay-opacity":"","overlay-gradient":""}},"footnotes":""},"categories":[1],"tags":[],"class_list":["post-107","post","type-post","status-publish","format-standard","has-post-thumbnail","hentry","category-non-classe"],"yoast_head":"<!-- This site is optimized with the Yoast SEO plugin v27.5 - https:\/\/yoast.com\/product\/yoast-seo-wordpress\/ -->\n<title>D\u00e9but de l&#039;Enduro du Touquet : 1975 \/ Thierry Sabine<\/title>\n<meta name=\"description\" content=\"C&#039;est sur une id\u00e9e folle mais surtout de g\u00e9nie que l&#039;enduro du touquet voit le jour : une bande de copain, l&#039; exemple des \u00e9tats unis et un meneur hors normes : Thierry Sabine...\" \/>\n<meta name=\"robots\" content=\"index, follow, max-snippet:-1, max-image-preview:large, max-video-preview:-1\" \/>\n<link rel=\"canonical\" href=\"https:\/\/www.enduropale-passion.com\/touquet\/naissance-de-lenduro-du-touquet-1975\/\" \/>\n<script type=\"application\/ld+json\" class=\"yoast-schema-graph\">{\"@context\":\"https:\\\/\\\/schema.org\",\"@graph\":[{\"@type\":\"Article\",\"@id\":\"https:\\\/\\\/www.enduropale-passion.com\\\/touquet\\\/naissance-de-lenduro-du-touquet-1975\\\/#article\",\"isPartOf\":{\"@id\":\"https:\\\/\\\/www.enduropale-passion.com\\\/touquet\\\/naissance-de-lenduro-du-touquet-1975\\\/\"},\"author\":{\"name\":\"jean-marc\",\"@id\":\"https:\\\/\\\/www.enduropale-passion.com\\\/touquet\\\/#\\\/schema\\\/person\\\/d3beef060ca1ae808ca028d5f2f4d3ab\"},\"headline\":\"Naissance de l&rsquo;Enduro Du Touquet (1975)\",\"datePublished\":\"2017-12-14T15:19:07+00:00\",\"dateModified\":\"2018-01-09T10:50:33+00:00\",\"mainEntityOfPage\":{\"@id\":\"https:\\\/\\\/www.enduropale-passion.com\\\/touquet\\\/naissance-de-lenduro-du-touquet-1975\\\/\"},\"wordCount\":354,\"commentCount\":0,\"publisher\":{\"@id\":\"https:\\\/\\\/www.enduropale-passion.com\\\/touquet\\\/#organization\"},\"image\":{\"@id\":\"https:\\\/\\\/www.enduropale-passion.com\\\/touquet\\\/naissance-de-lenduro-du-touquet-1975\\\/#primaryimage\"},\"thumbnailUrl\":\"https:\\\/\\\/www.enduropale-passion.com\\\/touquet\\\/wp-content\\\/uploads\\\/2017\\\/12\\\/thierry-sabine-1.jpg\",\"inLanguage\":\"fr-FR\",\"potentialAction\":[{\"@type\":\"CommentAction\",\"name\":\"Comment\",\"target\":[\"https:\\\/\\\/www.enduropale-passion.com\\\/touquet\\\/naissance-de-lenduro-du-touquet-1975\\\/#respond\"]}]},{\"@type\":\"WebPage\",\"@id\":\"https:\\\/\\\/www.enduropale-passion.com\\\/touquet\\\/naissance-de-lenduro-du-touquet-1975\\\/\",\"url\":\"https:\\\/\\\/www.enduropale-passion.com\\\/touquet\\\/naissance-de-lenduro-du-touquet-1975\\\/\",\"name\":\"D\u00e9but de l'Enduro du Touquet : 1975 \\\/ Thierry Sabine\",\"isPartOf\":{\"@id\":\"https:\\\/\\\/www.enduropale-passion.com\\\/touquet\\\/#website\"},\"primaryImageOfPage\":{\"@id\":\"https:\\\/\\\/www.enduropale-passion.com\\\/touquet\\\/naissance-de-lenduro-du-touquet-1975\\\/#primaryimage\"},\"image\":{\"@id\":\"https:\\\/\\\/www.enduropale-passion.com\\\/touquet\\\/naissance-de-lenduro-du-touquet-1975\\\/#primaryimage\"},\"thumbnailUrl\":\"https:\\\/\\\/www.enduropale-passion.com\\\/touquet\\\/wp-content\\\/uploads\\\/2017\\\/12\\\/thierry-sabine-1.jpg\",\"datePublished\":\"2017-12-14T15:19:07+00:00\",\"dateModified\":\"2018-01-09T10:50:33+00:00\",\"description\":\"C'est sur une id\u00e9e folle mais surtout de g\u00e9nie que l'enduro du touquet voit le jour : une bande de copain, l' exemple des \u00e9tats unis et un meneur hors normes : Thierry Sabine...\",\"breadcrumb\":{\"@id\":\"https:\\\/\\\/www.enduropale-passion.com\\\/touquet\\\/naissance-de-lenduro-du-touquet-1975\\\/#breadcrumb\"},\"inLanguage\":\"fr-FR\",\"potentialAction\":[{\"@type\":\"ReadAction\",\"target\":[\"https:\\\/\\\/www.enduropale-passion.com\\\/touquet\\\/naissance-de-lenduro-du-touquet-1975\\\/\"]}]},{\"@type\":\"ImageObject\",\"inLanguage\":\"fr-FR\",\"@id\":\"https:\\\/\\\/www.enduropale-passion.com\\\/touquet\\\/naissance-de-lenduro-du-touquet-1975\\\/#primaryimage\",\"url\":\"https:\\\/\\\/www.enduropale-passion.com\\\/touquet\\\/wp-content\\\/uploads\\\/2017\\\/12\\\/thierry-sabine-1.jpg\",\"contentUrl\":\"https:\\\/\\\/www.enduropale-passion.com\\\/touquet\\\/wp-content\\\/uploads\\\/2017\\\/12\\\/thierry-sabine-1.jpg\",\"width\":800,\"height\":666,\"caption\":\"AUTO - PARIS DAKAR 1985 - PHOTO : DPPI THIERRY SABINE - AMBIANCE - PORTRAIT\"},{\"@type\":\"BreadcrumbList\",\"@id\":\"https:\\\/\\\/www.enduropale-passion.com\\\/touquet\\\/naissance-de-lenduro-du-touquet-1975\\\/#breadcrumb\",\"itemListElement\":[{\"@type\":\"ListItem\",\"position\":1,\"name\":\"Accueil\",\"item\":\"https:\\\/\\\/www.enduropale-passion.com\\\/touquet\\\/\"},{\"@type\":\"ListItem\",\"position\":2,\"name\":\"Naissance de l&rsquo;Enduro Du Touquet (1975)\"}]},{\"@type\":\"WebSite\",\"@id\":\"https:\\\/\\\/www.enduropale-passion.com\\\/touquet\\\/#website\",\"url\":\"https:\\\/\\\/www.enduropale-passion.com\\\/touquet\\\/\",\"name\":\"Enduropale, Quaduro et Vintage 2026\",\"description\":\"Championnat du monde des sables\",\"publisher\":{\"@id\":\"https:\\\/\\\/www.enduropale-passion.com\\\/touquet\\\/#organization\"},\"potentialAction\":[{\"@type\":\"SearchAction\",\"target\":{\"@type\":\"EntryPoint\",\"urlTemplate\":\"https:\\\/\\\/www.enduropale-passion.com\\\/touquet\\\/?s={search_term_string}\"},\"query-input\":{\"@type\":\"PropertyValueSpecification\",\"valueRequired\":true,\"valueName\":\"search_term_string\"}}],\"inLanguage\":\"fr-FR\"},{\"@type\":\"Organization\",\"@id\":\"https:\\\/\\\/www.enduropale-passion.com\\\/touquet\\\/#organization\",\"name\":\"Enduropale Passion\",\"url\":\"https:\\\/\\\/www.enduropale-passion.com\\\/touquet\\\/\",\"logo\":{\"@type\":\"ImageObject\",\"inLanguage\":\"fr-FR\",\"@id\":\"https:\\\/\\\/www.enduropale-passion.com\\\/touquet\\\/#\\\/schema\\\/logo\\\/image\\\/\",\"url\":\"https:\\\/\\\/www.enduropale-passion.com\\\/touquet\\\/wp-content\\\/uploads\\\/2018\\\/01\\\/rect5318a.png\",\"contentUrl\":\"https:\\\/\\\/www.enduropale-passion.com\\\/touquet\\\/wp-content\\\/uploads\\\/2018\\\/01\\\/rect5318a.png\",\"width\":1178,\"height\":389,\"caption\":\"Enduropale Passion\"},\"image\":{\"@id\":\"https:\\\/\\\/www.enduropale-passion.com\\\/touquet\\\/#\\\/schema\\\/logo\\\/image\\\/\"}},{\"@type\":\"Person\",\"@id\":\"https:\\\/\\\/www.enduropale-passion.com\\\/touquet\\\/#\\\/schema\\\/person\\\/d3beef060ca1ae808ca028d5f2f4d3ab\",\"name\":\"jean-marc\",\"image\":{\"@type\":\"ImageObject\",\"inLanguage\":\"fr-FR\",\"@id\":\"https:\\\/\\\/secure.gravatar.com\\\/avatar\\\/da63a71c7b3c891d13f316f979f70f394c40b51eff8683f7ed50dcaf88d1bfc2?s=96&r=g\",\"url\":\"https:\\\/\\\/secure.gravatar.com\\\/avatar\\\/da63a71c7b3c891d13f316f979f70f394c40b51eff8683f7ed50dcaf88d1bfc2?s=96&r=g\",\"contentUrl\":\"https:\\\/\\\/secure.gravatar.com\\\/avatar\\\/da63a71c7b3c891d13f316f979f70f394c40b51eff8683f7ed50dcaf88d1bfc2?s=96&r=g\",\"caption\":\"jean-marc\"}}]}<\/script>\n<!-- \/ Yoast SEO plugin. -->","yoast_head_json":{"title":"D\u00e9but de l'Enduro du Touquet : 1975 \/ Thierry Sabine","description":"C'est sur une id\u00e9e folle mais surtout de g\u00e9nie que l'enduro du touquet voit le jour : une bande de copain, l' exemple des \u00e9tats unis et un meneur hors normes : Thierry Sabine...","robots":{"index":"index","follow":"follow","max-snippet":"max-snippet:-1","max-image-preview":"max-image-preview:large","max-video-preview":"max-video-preview:-1"},"canonical":"https:\/\/www.enduropale-passion.com\/touquet\/naissance-de-lenduro-du-touquet-1975\/","schema":{"@context":"https:\/\/schema.org","@graph":[{"@type":"Article","@id":"https:\/\/www.enduropale-passion.com\/touquet\/naissance-de-lenduro-du-touquet-1975\/#article","isPartOf":{"@id":"https:\/\/www.enduropale-passion.com\/touquet\/naissance-de-lenduro-du-touquet-1975\/"},"author":{"name":"jean-marc","@id":"https:\/\/www.enduropale-passion.com\/touquet\/#\/schema\/person\/d3beef060ca1ae808ca028d5f2f4d3ab"},"headline":"Naissance de l&rsquo;Enduro Du Touquet (1975)","datePublished":"2017-12-14T15:19:07+00:00","dateModified":"2018-01-09T10:50:33+00:00","mainEntityOfPage":{"@id":"https:\/\/www.enduropale-passion.com\/touquet\/naissance-de-lenduro-du-touquet-1975\/"},"wordCount":354,"commentCount":0,"publisher":{"@id":"https:\/\/www.enduropale-passion.com\/touquet\/#organization"},"image":{"@id":"https:\/\/www.enduropale-passion.com\/touquet\/naissance-de-lenduro-du-touquet-1975\/#primaryimage"},"thumbnailUrl":"https:\/\/www.enduropale-passion.com\/touquet\/wp-content\/uploads\/2017\/12\/thierry-sabine-1.jpg","inLanguage":"fr-FR","potentialAction":[{"@type":"CommentAction","name":"Comment","target":["https:\/\/www.enduropale-passion.com\/touquet\/naissance-de-lenduro-du-touquet-1975\/#respond"]}]},{"@type":"WebPage","@id":"https:\/\/www.enduropale-passion.com\/touquet\/naissance-de-lenduro-du-touquet-1975\/","url":"https:\/\/www.enduropale-passion.com\/touquet\/naissance-de-lenduro-du-touquet-1975\/","name":"D\u00e9but de l'Enduro du Touquet : 1975 \/ Thierry Sabine","isPartOf":{"@id":"https:\/\/www.enduropale-passion.com\/touquet\/#website"},"primaryImageOfPage":{"@id":"https:\/\/www.enduropale-passion.com\/touquet\/naissance-de-lenduro-du-touquet-1975\/#primaryimage"},"image":{"@id":"https:\/\/www.enduropale-passion.com\/touquet\/naissance-de-lenduro-du-touquet-1975\/#primaryimage"},"thumbnailUrl":"https:\/\/www.enduropale-passion.com\/touquet\/wp-content\/uploads\/2017\/12\/thierry-sabine-1.jpg","datePublished":"2017-12-14T15:19:07+00:00","dateModified":"2018-01-09T10:50:33+00:00","description":"C'est sur une id\u00e9e folle mais surtout de g\u00e9nie que l'enduro du touquet voit le jour : une bande de copain, l' exemple des \u00e9tats unis et un meneur hors normes : Thierry Sabine...","breadcrumb":{"@id":"https:\/\/www.enduropale-passion.com\/touquet\/naissance-de-lenduro-du-touquet-1975\/#breadcrumb"},"inLanguage":"fr-FR","potentialAction":[{"@type":"ReadAction","target":["https:\/\/www.enduropale-passion.com\/touquet\/naissance-de-lenduro-du-touquet-1975\/"]}]},{"@type":"ImageObject","inLanguage":"fr-FR","@id":"https:\/\/www.enduropale-passion.com\/touquet\/naissance-de-lenduro-du-touquet-1975\/#primaryimage","url":"https:\/\/www.enduropale-passion.com\/touquet\/wp-content\/uploads\/2017\/12\/thierry-sabine-1.jpg","contentUrl":"https:\/\/www.enduropale-passion.com\/touquet\/wp-content\/uploads\/2017\/12\/thierry-sabine-1.jpg","width":800,"height":666,"caption":"AUTO - PARIS DAKAR 1985 - PHOTO : DPPI THIERRY SABINE - AMBIANCE - PORTRAIT"},{"@type":"BreadcrumbList","@id":"https:\/\/www.enduropale-passion.com\/touquet\/naissance-de-lenduro-du-touquet-1975\/#breadcrumb","itemListElement":[{"@type":"ListItem","position":1,"name":"Accueil","item":"https:\/\/www.enduropale-passion.com\/touquet\/"},{"@type":"ListItem","position":2,"name":"Naissance de l&rsquo;Enduro Du Touquet (1975)"}]},{"@type":"WebSite","@id":"https:\/\/www.enduropale-passion.com\/touquet\/#website","url":"https:\/\/www.enduropale-passion.com\/touquet\/","name":"Enduropale, Quaduro et Vintage 2026","description":"Championnat du monde des sables","publisher":{"@id":"https:\/\/www.enduropale-passion.com\/touquet\/#organization"},"potentialAction":[{"@type":"SearchAction","target":{"@type":"EntryPoint","urlTemplate":"https:\/\/www.enduropale-passion.com\/touquet\/?s={search_term_string}"},"query-input":{"@type":"PropertyValueSpecification","valueRequired":true,"valueName":"search_term_string"}}],"inLanguage":"fr-FR"},{"@type":"Organization","@id":"https:\/\/www.enduropale-passion.com\/touquet\/#organization","name":"Enduropale Passion","url":"https:\/\/www.enduropale-passion.com\/touquet\/","logo":{"@type":"ImageObject","inLanguage":"fr-FR","@id":"https:\/\/www.enduropale-passion.com\/touquet\/#\/schema\/logo\/image\/","url":"https:\/\/www.enduropale-passion.com\/touquet\/wp-content\/uploads\/2018\/01\/rect5318a.png","contentUrl":"https:\/\/www.enduropale-passion.com\/touquet\/wp-content\/uploads\/2018\/01\/rect5318a.png","width":1178,"height":389,"caption":"Enduropale Passion"},"image":{"@id":"https:\/\/www.enduropale-passion.com\/touquet\/#\/schema\/logo\/image\/"}},{"@type":"Person","@id":"https:\/\/www.enduropale-passion.com\/touquet\/#\/schema\/person\/d3beef060ca1ae808ca028d5f2f4d3ab","name":"jean-marc","image":{"@type":"ImageObject","inLanguage":"fr-FR","@id":"https:\/\/secure.gravatar.com\/avatar\/da63a71c7b3c891d13f316f979f70f394c40b51eff8683f7ed50dcaf88d1bfc2?s=96&r=g","url":"https:\/\/secure.gravatar.com\/avatar\/da63a71c7b3c891d13f316f979f70f394c40b51eff8683f7ed50dcaf88d1bfc2?s=96&r=g","contentUrl":"https:\/\/secure.gravatar.com\/avatar\/da63a71c7b3c891d13f316f979f70f394c40b51eff8683f7ed50dcaf88d1bfc2?s=96&r=g","caption":"jean-marc"}}]}},"_links":{"self":[{"href":"https:\/\/www.enduropale-passion.com\/touquet\/wp-json\/wp\/v2\/posts\/107","targetHints":{"allow":["GET"]}}],"collection":[{"href":"https:\/\/www.enduropale-passion.com\/touquet\/wp-json\/wp\/v2\/posts"}],"about":[{"href":"https:\/\/www.enduropale-passion.com\/touquet\/wp-json\/wp\/v2\/types\/post"}],"author":[{"embeddable":true,"href":"https:\/\/www.enduropale-passion.com\/touquet\/wp-json\/wp\/v2\/users\/1"}],"replies":[{"embeddable":true,"href":"https:\/\/www.enduropale-passion.com\/touquet\/wp-json\/wp\/v2\/comments?post=107"}],"version-history":[{"count":0,"href":"https:\/\/www.enduropale-passion.com\/touquet\/wp-json\/wp\/v2\/posts\/107\/revisions"}],"wp:featuredmedia":[{"embeddable":true,"href":"https:\/\/www.enduropale-passion.com\/touquet\/wp-json\/wp\/v2\/media\/299"}],"wp:attachment":[{"href":"https:\/\/www.enduropale-passion.com\/touquet\/wp-json\/wp\/v2\/media?parent=107"}],"wp:term":[{"taxonomy":"category","embeddable":true,"href":"https:\/\/www.enduropale-passion.com\/touquet\/wp-json\/wp\/v2\/categories?post=107"},{"taxonomy":"post_tag","embeddable":true,"href":"https:\/\/www.enduropale-passion.com\/touquet\/wp-json\/wp\/v2\/tags?post=107"}],"curies":[{"name":"wp","href":"https:\/\/api.w.org\/{rel}","templated":true}]}}